{"id":4375,"date":"2023-10-19T12:44:37","date_gmt":"2023-10-19T15:44:37","guid":{"rendered":"https:\/\/fundacaofhc.org.br\/exposicoesvirtuais\/?p=4375"},"modified":"2023-12-01T16:10:52","modified_gmt":"2023-12-01T19:10:52","slug":"uma-viagem-a-ruth-cardoso-pela-lente-de-seu-arquivo-pessoal","status":"publish","type":"post","link":"https:\/\/fundacaofhc.org.br\/exposicoesvirtuais\/uma-viagem-a-ruth-cardoso-pela-lente-de-seu-arquivo-pessoal\/","title":{"rendered":"Uma viagem a Ruth Cardoso pela lente de seu arquivo pessoal"},"content":{"rendered":"<p><span style=\"font-weight: 400;\">Ruth Cardoso foi m\u00e3e, esposa, primeira-dama do Brasil, acad\u00eamica, professora e militante de causas sociais e feministas. O seu acervo \u00e9 o buraco da fechadura por onde observamos a <\/span><b>Ruth pesquisadora<\/b><span style=\"font-weight: 400;\">. Nele constam documentos acumulados ao longo da vida que mostram sua presen\u00e7a em institui\u00e7\u00f5es como a <\/span><span style=\"font-weight: 400;\">Universidade de S\u00e3o Paulo (USP),\u00a0 a Associa\u00e7\u00e3o Brasileira de Antropologia (ABA), o Centro Brasileiro de An\u00e1lise e Planejamento (Cebrap) e o Museu Nacional. A carreira na pesquisa come\u00e7ou com estudos sobre a imigra\u00e7\u00e3o japonesa no Estado de S\u00e3o Paulo e se firmou na antropologia urbana, levando a investiga\u00e7\u00f5es sobre popula\u00e7\u00f5es marginalizadas e tem\u00e1ticas de g\u00eanero, pol\u00edtica, m\u00eddia e juventude.<\/span><span style=\"font-weight: 400;\"> As reflex\u00f5es da pesquisadora foram compartilhadas com alunos e orientandos, muitos dos quais se tornaram pesquisadores. Tudo isso resultou na escr<\/span><span style=\"font-weight: 400;\">ita de livros, pref\u00e1cios e artigos em colet\u00e2neas e peri\u00f3dicos cient\u00edficos.<\/span><\/p>\n<p><span style=\"font-weight: 400;\">A <\/span><b>atividade de pesquisa<\/b><span style=\"font-weight: 400;\"> aparece nos acervos por meio de documentos corriqueiros. Qual antrop\u00f3logo n\u00e3o guardou relat\u00f3rios, fichamentos, question\u00e1rios e notas de estudo de campo? Quem n\u00e3o acumulou recibos, correspond\u00eancia burocr\u00e1tica e pap\u00e9is de v\u00ednculos trabalhistas? Ou estudou sem grifar textos e escrever nas margens dos livros? O ba\u00fa da pesquisadora Ruth Cardoso guarda esses tipos de registros que comprovam e ilustram as atividades de sua carreira profissional.\u00a0<\/span><\/p>\n","protected":false},"excerpt":{"rendered":"<p>Ruth Cardoso foi m\u00e3e, esposa, primeira-dama do Brasil, acad\u00eamica, professora e militante de causas sociais e feministas. O seu acervo \u00e9 o buraco da fechadura por onde observamos a Ruth pesquisadora. Nele constam documentos acumulados ao longo da vida que mostram sua presen\u00e7a em institui\u00e7\u00f5es como a Universidade de S\u00e3o Paulo (USP),\u00a0 a Associa\u00e7\u00e3o Brasileira<\/p>\n","protected":false},"author":5,"featured_media":4439,"comment_status":"closed","ping_status":"closed","sticky":false,"template":"","format":"standard","meta":{"_acf_changed":false,"footnotes":""},"categories":[1],"tags":[],"class_list":["post-4375","post","type-post","status-publish","format-standard","has-post-thumbnail","hentry","category-sem-categoria"],"acf":[],"yoast_head":"<!-- This site is optimized with the Yoast SEO plugin v25.7 - https:\/\/yoast.com\/wordpress\/plugins\/seo\/ -->\n<title>Uma viagem a Ruth Cardoso pela lente de seu arquivo pessoal | Exposi\u00e7\u00f5es Virtuais - Funda\u00e7\u00e3o FHC<\/title>\n<meta name=\"robots\" content=\"index, follow, max-snippet:-1, max-image-preview:large, max-video-preview:-1\" \/>\n<link rel=\"canonical\" href=\"https:\/\/fundacaofhc.org.br\/exposicoesvirtuais\/uma-viagem-a-ruth-cardoso-pela-lente-de-seu-arquivo-pessoal\/\" \/>\n<meta property=\"og:locale\" content=\"pt_BR\" \/>\n<meta property=\"og:type\" content=\"article\" \/>\n<meta property=\"og:title\" content=\"Uma viagem a Ruth Cardoso pela lente de seu arquivo pessoal | Exposi\u00e7\u00f5es Virtuais - Funda\u00e7\u00e3o FHC\" \/>\n<meta property=\"og:description\" content=\"Ruth Cardoso foi m\u00e3e, esposa, primeira-dama do Brasil, acad\u00eamica, professora e militante de causas sociais e feministas. O seu acervo \u00e9 o buraco da fechadura por onde observamos a Ruth pesquisadora. Nele constam documentos acumulados ao longo da vida que mostram sua presen\u00e7a em institui\u00e7\u00f5es como a Universidade de S\u00e3o Paulo (USP),\u00a0 a Associa\u00e7\u00e3o Brasileira\" \/>\n<meta property=\"og:url\" content=\"https:\/\/fundacaofhc.org.br\/exposicoesvirtuais\/uma-viagem-a-ruth-cardoso-pela-lente-de-seu-arquivo-pessoal\/\" \/>\n<meta property=\"og:site_name\" content=\"Exposi\u00e7\u00f5es Virtuais - Funda\u00e7\u00e3o FHC\" \/>\n<meta property=\"article:published_time\" content=\"2023-10-19T15:44:37+00:00\" \/>\n<meta property=\"article:modified_time\" content=\"2023-12-01T19:10:52+00:00\" \/>\n<meta property=\"og:image\" content=\"https:\/\/fundacaofhc.org.br\/exposicoesvirtuais\/wp-content\/uploads\/2023\/10\/capa.jpg\" \/>\n\t<meta property=\"og:image:width\" content=\"2242\" \/>\n\t<meta property=\"og:image:height\" content=\"1321\" \/>\n\t<meta property=\"og:image:type\" content=\"image\/jpeg\" \/>\n<meta name=\"author\" content=\"Beatriz Santos\" \/>\n<meta name=\"twitter:card\" content=\"summary_large_image\" \/>\n<meta name=\"twitter:label1\" content=\"Escrito por\" \/>\n\t<meta name=\"twitter:data1\" content=\"Beatriz Santos\" \/>\n\t<meta name=\"twitter:label2\" content=\"Est. tempo de leitura\" \/>\n\t<meta name=\"twitter:data2\" content=\"2 minutos\" \/>\n<script type=\"application\/ld+json\" class=\"yoast-schema-graph\">{\"@context\":\"https:\/\/schema.org\",\"@graph\":[{\"@type\":\"WebPage\",\"@id\":\"https:\/\/fundacaofhc.org.br\/exposicoesvirtuais\/uma-viagem-a-ruth-cardoso-pela-lente-de-seu-arquivo-pessoal\/\",\"url\":\"https:\/\/fundacaofhc.org.br\/exposicoesvirtuais\/uma-viagem-a-ruth-cardoso-pela-lente-de-seu-arquivo-pessoal\/\",\"name\":\"Uma viagem a Ruth Cardoso pela lente de seu arquivo pessoal | Exposi\u00e7\u00f5es Virtuais - Funda\u00e7\u00e3o FHC\",\"isPartOf\":{\"@id\":\"https:\/\/fundacaofhc.org.br\/exposicoesvirtuais\/#website\"},\"primaryImageOfPage\":{\"@id\":\"https:\/\/fundacaofhc.org.br\/exposicoesvirtuais\/uma-viagem-a-ruth-cardoso-pela-lente-de-seu-arquivo-pessoal\/#primaryimage\"},\"image\":{\"@id\":\"https:\/\/fundacaofhc.org.br\/exposicoesvirtuais\/uma-viagem-a-ruth-cardoso-pela-lente-de-seu-arquivo-pessoal\/#primaryimage\"},\"thumbnailUrl\":\"https:\/\/fundacaofhc.org.br\/exposicoesvirtuais\/wp-content\/uploads\/2023\/10\/capa.jpg\",\"datePublished\":\"2023-10-19T15:44:37+00:00\",\"dateModified\":\"2023-12-01T19:10:52+00:00\",\"author\":{\"@id\":\"https:\/\/fundacaofhc.org.br\/exposicoesvirtuais\/#\/schema\/person\/fd0aea67dfa60a3c14a4469cecccc2c5\"},\"inLanguage\":\"pt-BR\",\"potentialAction\":[{\"@type\":\"ReadAction\",\"target\":[\"https:\/\/fundacaofhc.org.br\/exposicoesvirtuais\/uma-viagem-a-ruth-cardoso-pela-lente-de-seu-arquivo-pessoal\/\"]}]},{\"@type\":\"ImageObject\",\"inLanguage\":\"pt-BR\",\"@id\":\"https:\/\/fundacaofhc.org.br\/exposicoesvirtuais\/uma-viagem-a-ruth-cardoso-pela-lente-de-seu-arquivo-pessoal\/#primaryimage\",\"url\":\"https:\/\/fundacaofhc.org.br\/exposicoesvirtuais\/wp-content\/uploads\/2023\/10\/capa.jpg\",\"contentUrl\":\"https:\/\/fundacaofhc.org.br\/exposicoesvirtuais\/wp-content\/uploads\/2023\/10\/capa.jpg\",\"width\":2242,\"height\":1321},{\"@type\":\"WebSite\",\"@id\":\"https:\/\/fundacaofhc.org.br\/exposicoesvirtuais\/#website\",\"url\":\"https:\/\/fundacaofhc.org.br\/exposicoesvirtuais\/\",\"name\":\"Exposi\u00e7\u00f5es Virtuais - Funda\u00e7\u00e3o FHC\",\"description\":\"Acervo FFHC\",\"potentialAction\":[{\"@type\":\"SearchAction\",\"target\":{\"@type\":\"EntryPoint\",\"urlTemplate\":\"https:\/\/fundacaofhc.org.br\/exposicoesvirtuais\/?s={search_term_string}\"},\"query-input\":{\"@type\":\"PropertyValueSpecification\",\"valueRequired\":true,\"valueName\":\"search_term_string\"}}],\"inLanguage\":\"pt-BR\"},{\"@type\":\"Person\",\"@id\":\"https:\/\/fundacaofhc.org.br\/exposicoesvirtuais\/#\/schema\/person\/fd0aea67dfa60a3c14a4469cecccc2c5\",\"name\":\"Beatriz Santos\",\"image\":{\"@type\":\"ImageObject\",\"inLanguage\":\"pt-BR\",\"@id\":\"https:\/\/fundacaofhc.org.br\/exposicoesvirtuais\/#\/schema\/person\/image\/\",\"url\":\"https:\/\/secure.gravatar.com\/avatar\/c153d8218a9f6fad59dd2d3483cc2e35c9230ad8551acb6cb11a03f62cf3a738?s=96&d=mm&r=g\",\"contentUrl\":\"https:\/\/secure.gravatar.com\/avatar\/c153d8218a9f6fad59dd2d3483cc2e35c9230ad8551acb6cb11a03f62cf3a738?s=96&d=mm&r=g\",\"caption\":\"Beatriz Santos\"}}]}<\/script>\n<!-- \/ Yoast SEO plugin. -->","yoast_head_json":{"title":"Uma viagem a Ruth Cardoso pela lente de seu arquivo pessoal | Exposi\u00e7\u00f5es Virtuais - Funda\u00e7\u00e3o FHC","robots":{"index":"index","follow":"follow","max-snippet":"max-snippet:-1","max-image-preview":"max-image-preview:large","max-video-preview":"max-video-preview:-1"},"canonical":"https:\/\/fundacaofhc.org.br\/exposicoesvirtuais\/uma-viagem-a-ruth-cardoso-pela-lente-de-seu-arquivo-pessoal\/","og_locale":"pt_BR","og_type":"article","og_title":"Uma viagem a Ruth Cardoso pela lente de seu arquivo pessoal | Exposi\u00e7\u00f5es Virtuais - Funda\u00e7\u00e3o FHC","og_description":"Ruth Cardoso foi m\u00e3e, esposa, primeira-dama do Brasil, acad\u00eamica, professora e militante de causas sociais e feministas. O seu acervo \u00e9 o buraco da fechadura por onde observamos a Ruth pesquisadora. Nele constam documentos acumulados ao longo da vida que mostram sua presen\u00e7a em institui\u00e7\u00f5es como a Universidade de S\u00e3o Paulo (USP),\u00a0 a Associa\u00e7\u00e3o Brasileira","og_url":"https:\/\/fundacaofhc.org.br\/exposicoesvirtuais\/uma-viagem-a-ruth-cardoso-pela-lente-de-seu-arquivo-pessoal\/","og_site_name":"Exposi\u00e7\u00f5es Virtuais - Funda\u00e7\u00e3o FHC","article_published_time":"2023-10-19T15:44:37+00:00","article_modified_time":"2023-12-01T19:10:52+00:00","og_image":[{"width":2242,"height":1321,"url":"https:\/\/fundacaofhc.org.br\/exposicoesvirtuais\/wp-content\/uploads\/2023\/10\/capa.jpg","type":"image\/jpeg"}],"author":"Beatriz Santos","twitter_card":"summary_large_image","twitter_misc":{"Escrito por":"Beatriz Santos","Est. tempo de leitura":"2 minutos"},"schema":{"@context":"https:\/\/schema.org","@graph":[{"@type":"WebPage","@id":"https:\/\/fundacaofhc.org.br\/exposicoesvirtuais\/uma-viagem-a-ruth-cardoso-pela-lente-de-seu-arquivo-pessoal\/","url":"https:\/\/fundacaofhc.org.br\/exposicoesvirtuais\/uma-viagem-a-ruth-cardoso-pela-lente-de-seu-arquivo-pessoal\/","name":"Uma viagem a Ruth Cardoso pela lente de seu arquivo pessoal | Exposi\u00e7\u00f5es Virtuais - Funda\u00e7\u00e3o FHC","isPartOf":{"@id":"https:\/\/fundacaofhc.org.br\/exposicoesvirtuais\/#website"},"primaryImageOfPage":{"@id":"https:\/\/fundacaofhc.org.br\/exposicoesvirtuais\/uma-viagem-a-ruth-cardoso-pela-lente-de-seu-arquivo-pessoal\/#primaryimage"},"image":{"@id":"https:\/\/fundacaofhc.org.br\/exposicoesvirtuais\/uma-viagem-a-ruth-cardoso-pela-lente-de-seu-arquivo-pessoal\/#primaryimage"},"thumbnailUrl":"https:\/\/fundacaofhc.org.br\/exposicoesvirtuais\/wp-content\/uploads\/2023\/10\/capa.jpg","datePublished":"2023-10-19T15:44:37+00:00","dateModified":"2023-12-01T19:10:52+00:00","author":{"@id":"https:\/\/fundacaofhc.org.br\/exposicoesvirtuais\/#\/schema\/person\/fd0aea67dfa60a3c14a4469cecccc2c5"},"inLanguage":"pt-BR","potentialAction":[{"@type":"ReadAction","target":["https:\/\/fundacaofhc.org.br\/exposicoesvirtuais\/uma-viagem-a-ruth-cardoso-pela-lente-de-seu-arquivo-pessoal\/"]}]},{"@type":"ImageObject","inLanguage":"pt-BR","@id":"https:\/\/fundacaofhc.org.br\/exposicoesvirtuais\/uma-viagem-a-ruth-cardoso-pela-lente-de-seu-arquivo-pessoal\/#primaryimage","url":"https:\/\/fundacaofhc.org.br\/exposicoesvirtuais\/wp-content\/uploads\/2023\/10\/capa.jpg","contentUrl":"https:\/\/fundacaofhc.org.br\/exposicoesvirtuais\/wp-content\/uploads\/2023\/10\/capa.jpg","width":2242,"height":1321},{"@type":"WebSite","@id":"https:\/\/fundacaofhc.org.br\/exposicoesvirtuais\/#website","url":"https:\/\/fundacaofhc.org.br\/exposicoesvirtuais\/","name":"Exposi\u00e7\u00f5es Virtuais - Funda\u00e7\u00e3o FHC","description":"Acervo FFHC","potentialAction":[{"@type":"SearchAction","target":{"@type":"EntryPoint","urlTemplate":"https:\/\/fundacaofhc.org.br\/exposicoesvirtuais\/?s={search_term_string}"},"query-input":{"@type":"PropertyValueSpecification","valueRequired":true,"valueName":"search_term_string"}}],"inLanguage":"pt-BR"},{"@type":"Person","@id":"https:\/\/fundacaofhc.org.br\/exposicoesvirtuais\/#\/schema\/person\/fd0aea67dfa60a3c14a4469cecccc2c5","name":"Beatriz Santos","image":{"@type":"ImageObject","inLanguage":"pt-BR","@id":"https:\/\/fundacaofhc.org.br\/exposicoesvirtuais\/#\/schema\/person\/image\/","url":"https:\/\/secure.gravatar.com\/avatar\/c153d8218a9f6fad59dd2d3483cc2e35c9230ad8551acb6cb11a03f62cf3a738?s=96&d=mm&r=g","contentUrl":"https:\/\/secure.gravatar.com\/avatar\/c153d8218a9f6fad59dd2d3483cc2e35c9230ad8551acb6cb11a03f62cf3a738?s=96&d=mm&r=g","caption":"Beatriz Santos"}}]}},"_links":{"self":[{"href":"https:\/\/fundacaofhc.org.br\/exposicoesvirtuais\/wp-json\/wp\/v2\/posts\/4375","targetHints":{"allow":["GET"]}}],"collection":[{"href":"https:\/\/fundacaofhc.org.br\/exposicoesvirtuais\/wp-json\/wp\/v2\/posts"}],"about":[{"href":"https:\/\/fundacaofhc.org.br\/exposicoesvirtuais\/wp-json\/wp\/v2\/types\/post"}],"author":[{"embeddable":true,"href":"https:\/\/fundacaofhc.org.br\/exposicoesvirtuais\/wp-json\/wp\/v2\/users\/5"}],"replies":[{"embeddable":true,"href":"https:\/\/fundacaofhc.org.br\/exposicoesvirtuais\/wp-json\/wp\/v2\/comments?post=4375"}],"version-history":[{"count":0,"href":"https:\/\/fundacaofhc.org.br\/exposicoesvirtuais\/wp-json\/wp\/v2\/posts\/4375\/revisions"}],"wp:featuredmedia":[{"embeddable":true,"href":"https:\/\/fundacaofhc.org.br\/exposicoesvirtuais\/wp-json\/wp\/v2\/media\/4439"}],"wp:attachment":[{"href":"https:\/\/fundacaofhc.org.br\/exposicoesvirtuais\/wp-json\/wp\/v2\/media?parent=4375"}],"wp:term":[{"taxonomy":"category","embeddable":true,"href":"https:\/\/fundacaofhc.org.br\/exposicoesvirtuais\/wp-json\/wp\/v2\/categories?post=4375"},{"taxonomy":"post_tag","embeddable":true,"href":"https:\/\/fundacaofhc.org.br\/exposicoesvirtuais\/wp-json\/wp\/v2\/tags?post=4375"}],"curies":[{"name":"wp","href":"https:\/\/api.w.org\/{rel}","templated":true}]}}