{"id":1212,"date":"2021-06-30T17:01:22","date_gmt":"2021-06-30T20:01:22","guid":{"rendered":"https:\/\/fundacaofhc.org.br\/exposicoesvirtuais\/?p=1212"},"modified":"2024-10-03T15:50:37","modified_gmt":"2024-10-03T18:50:37","slug":"um-plano-real","status":"publish","type":"post","link":"https:\/\/fundacaofhc.org.br\/exposicoesvirtuais\/um-plano-real\/","title":{"rendered":"Um plano real, a hist\u00f3ria da estabiliza\u00e7\u00e3o do Brasil"},"content":{"rendered":"<p>O Acervo da Funda\u00e7\u00e3o FHC acaba de trazer para o ambiente digital uma de suas mostras mais emblem\u00e1ticas: Um plano real, a hist\u00f3ria da estabiliza\u00e7\u00e3o do Brasil. A inspira\u00e7\u00e3o vem da exposi\u00e7\u00e3o que h\u00e1 11 anos est\u00e1 em cartaz na sede da Funda\u00e7\u00e3o, em S\u00e3o Paulo, e que trata do processo de controle da infla\u00e7\u00e3o e estabiliza\u00e7\u00e3o da nossa moeda \u2013 desde o in\u00edcio da redemocratiza\u00e7\u00e3o, em 1984, at\u00e9 a implanta\u00e7\u00e3o do Plano Real, em 1994. E l\u00e1 se foram 28 anos!<\/p>\n<p>Al\u00e9m de ampliar o acesso do p\u00fablico, a nova mostra conta com recursos e conte\u00fados interativos especialmente desenvolvidos para o meio on-line. Ela traz, por exemplo, uma cronologia ilustrada de eventos que permite \u00e0s pessoas se aprofundarem no ambiente pol\u00edtico p\u00f3s-abertura \u2013 e que foi fundamental para a constru\u00e7\u00e3o do Plano.<\/p>\n<p>Outro diferencial da exposi\u00e7\u00e3o virtual \u00e9 seu projeto educativo. A proposta \u00e9 colocar professores e alunos \u2013 por meio de pr\u00e1ticas de leitura e significa\u00e7\u00e3o \u2013 em contato direto com a documenta\u00e7\u00e3o hist\u00f3rica de um acervo real. Ao navegar por reportagens em texto, \u00e1udio e v\u00eddeo, charges e documentos da \u00e9poca, eles poder\u00e3o construir sua pr\u00f3pria compreens\u00e3o a respeito dessa inovadora pol\u00edtica p\u00fablica fiscal e econ\u00f4mica do Brasil.<\/p>\n<p>Seja bem-vindo!<\/p>\n","protected":false},"excerpt":{"rendered":"<p>O Acervo da Funda\u00e7\u00e3o FHC acaba de trazer para o ambiente digital uma de suas mostras mais emblem\u00e1ticas: Um plano real, a hist\u00f3ria da estabiliza\u00e7\u00e3o do Brasil. A inspira\u00e7\u00e3o vem da exposi\u00e7\u00e3o que h\u00e1 11 anos est\u00e1 em cartaz na sede da Funda\u00e7\u00e3o, em S\u00e3o Paulo, e que trata do processo de controle da infla\u00e7\u00e3o<\/p>\n","protected":false},"author":1,"featured_media":1225,"comment_status":"open","ping_status":"open","sticky":false,"template":"","format":"standard","meta":{"_acf_changed":false,"footnotes":""},"categories":[1],"tags":[],"class_list":["post-1212","post","type-post","status-publish","format-standard","has-post-thumbnail","hentry","category-sem-categoria"],"acf":[],"yoast_head":"<!-- This site is optimized with the Yoast SEO plugin v25.7 - https:\/\/yoast.com\/wordpress\/plugins\/seo\/ -->\n<title>Um plano real, a hist\u00f3ria da estabiliza\u00e7\u00e3o do Brasil | Exposi\u00e7\u00f5es Virtuais - Funda\u00e7\u00e3o FHC<\/title>\n<meta name=\"robots\" content=\"index, follow, max-snippet:-1, max-image-preview:large, max-video-preview:-1\" \/>\n<link rel=\"canonical\" href=\"https:\/\/fundacaofhc.org.br\/exposicoesvirtuais\/um-plano-real\/\" \/>\n<meta property=\"og:locale\" content=\"pt_BR\" \/>\n<meta property=\"og:type\" content=\"article\" \/>\n<meta property=\"og:title\" content=\"Um plano real, a hist\u00f3ria da estabiliza\u00e7\u00e3o do Brasil | Exposi\u00e7\u00f5es Virtuais - Funda\u00e7\u00e3o FHC\" \/>\n<meta property=\"og:description\" content=\"O Acervo da Funda\u00e7\u00e3o FHC acaba de trazer para o ambiente digital uma de suas mostras mais emblem\u00e1ticas: Um plano real, a hist\u00f3ria da estabiliza\u00e7\u00e3o do Brasil. A inspira\u00e7\u00e3o vem da exposi\u00e7\u00e3o que h\u00e1 11 anos est\u00e1 em cartaz na sede da Funda\u00e7\u00e3o, em S\u00e3o Paulo, e que trata do processo de controle da infla\u00e7\u00e3o\" \/>\n<meta property=\"og:url\" content=\"https:\/\/fundacaofhc.org.br\/exposicoesvirtuais\/um-plano-real\/\" \/>\n<meta property=\"og:site_name\" content=\"Exposi\u00e7\u00f5es Virtuais - Funda\u00e7\u00e3o FHC\" \/>\n<meta property=\"article:published_time\" content=\"2021-06-30T20:01:22+00:00\" \/>\n<meta property=\"article:modified_time\" content=\"2024-10-03T18:50:37+00:00\" \/>\n<meta property=\"og:image\" content=\"https:\/\/fundacaofhc.org.br\/exposicoesvirtuais\/wp-content\/uploads\/2021\/06\/plano-fundo-umplanoreal-01.jpg\" \/>\n\t<meta property=\"og:image:width\" content=\"1920\" \/>\n\t<meta property=\"og:image:height\" content=\"1300\" \/>\n\t<meta property=\"og:image:type\" content=\"image\/jpeg\" \/>\n<meta name=\"author\" content=\"sintropika\" \/>\n<meta name=\"twitter:card\" content=\"summary_large_image\" \/>\n<meta name=\"twitter:label1\" content=\"Escrito por\" \/>\n\t<meta name=\"twitter:data1\" content=\"sintropika\" \/>\n\t<meta name=\"twitter:label2\" content=\"Est. tempo de leitura\" \/>\n\t<meta name=\"twitter:data2\" content=\"1 minuto\" \/>\n<script type=\"application\/ld+json\" class=\"yoast-schema-graph\">{\"@context\":\"https:\/\/schema.org\",\"@graph\":[{\"@type\":\"WebPage\",\"@id\":\"https:\/\/fundacaofhc.org.br\/exposicoesvirtuais\/um-plano-real\/\",\"url\":\"https:\/\/fundacaofhc.org.br\/exposicoesvirtuais\/um-plano-real\/\",\"name\":\"Um plano real, a hist\u00f3ria da estabiliza\u00e7\u00e3o do Brasil | Exposi\u00e7\u00f5es Virtuais - Funda\u00e7\u00e3o FHC\",\"isPartOf\":{\"@id\":\"https:\/\/fundacaofhc.org.br\/exposicoesvirtuais\/#website\"},\"primaryImageOfPage\":{\"@id\":\"https:\/\/fundacaofhc.org.br\/exposicoesvirtuais\/um-plano-real\/#primaryimage\"},\"image\":{\"@id\":\"https:\/\/fundacaofhc.org.br\/exposicoesvirtuais\/um-plano-real\/#primaryimage\"},\"thumbnailUrl\":\"https:\/\/fundacaofhc.org.br\/exposicoesvirtuais\/wp-content\/uploads\/2021\/06\/plano-fundo-umplanoreal-01.jpg\",\"datePublished\":\"2021-06-30T20:01:22+00:00\",\"dateModified\":\"2024-10-03T18:50:37+00:00\",\"author\":{\"@id\":\"https:\/\/fundacaofhc.org.br\/exposicoesvirtuais\/#\/schema\/person\/8374b13655e9213f7df7c660ec0f5f1e\"},\"inLanguage\":\"pt-BR\",\"potentialAction\":[{\"@type\":\"ReadAction\",\"target\":[\"https:\/\/fundacaofhc.org.br\/exposicoesvirtuais\/um-plano-real\/\"]}]},{\"@type\":\"ImageObject\",\"inLanguage\":\"pt-BR\",\"@id\":\"https:\/\/fundacaofhc.org.br\/exposicoesvirtuais\/um-plano-real\/#primaryimage\",\"url\":\"https:\/\/fundacaofhc.org.br\/exposicoesvirtuais\/wp-content\/uploads\/2021\/06\/plano-fundo-umplanoreal-01.jpg\",\"contentUrl\":\"https:\/\/fundacaofhc.org.br\/exposicoesvirtuais\/wp-content\/uploads\/2021\/06\/plano-fundo-umplanoreal-01.jpg\",\"width\":1920,\"height\":1300},{\"@type\":\"WebSite\",\"@id\":\"https:\/\/fundacaofhc.org.br\/exposicoesvirtuais\/#website\",\"url\":\"https:\/\/fundacaofhc.org.br\/exposicoesvirtuais\/\",\"name\":\"Exposi\u00e7\u00f5es Virtuais - Funda\u00e7\u00e3o FHC\",\"description\":\"Acervo FFHC\",\"potentialAction\":[{\"@type\":\"SearchAction\",\"target\":{\"@type\":\"EntryPoint\",\"urlTemplate\":\"https:\/\/fundacaofhc.org.br\/exposicoesvirtuais\/?s={search_term_string}\"},\"query-input\":{\"@type\":\"PropertyValueSpecification\",\"valueRequired\":true,\"valueName\":\"search_term_string\"}}],\"inLanguage\":\"pt-BR\"},{\"@type\":\"Person\",\"@id\":\"https:\/\/fundacaofhc.org.br\/exposicoesvirtuais\/#\/schema\/person\/8374b13655e9213f7df7c660ec0f5f1e\",\"name\":\"sintropika\",\"image\":{\"@type\":\"ImageObject\",\"inLanguage\":\"pt-BR\",\"@id\":\"https:\/\/fundacaofhc.org.br\/exposicoesvirtuais\/#\/schema\/person\/image\/\",\"url\":\"https:\/\/secure.gravatar.com\/avatar\/4e7a8148ab5fe49114b454dc93fed02ba218aea352b3e265713ca075d507de0c?s=96&d=mm&r=g\",\"contentUrl\":\"https:\/\/secure.gravatar.com\/avatar\/4e7a8148ab5fe49114b454dc93fed02ba218aea352b3e265713ca075d507de0c?s=96&d=mm&r=g\",\"caption\":\"sintropika\"},\"sameAs\":[\"https:\/\/exposicoesvirtuais.fundacaofhc.org.br\"]}]}<\/script>\n<!-- \/ Yoast SEO plugin. -->","yoast_head_json":{"title":"Um plano real, a hist\u00f3ria da estabiliza\u00e7\u00e3o do Brasil | Exposi\u00e7\u00f5es Virtuais - Funda\u00e7\u00e3o FHC","robots":{"index":"index","follow":"follow","max-snippet":"max-snippet:-1","max-image-preview":"max-image-preview:large","max-video-preview":"max-video-preview:-1"},"canonical":"https:\/\/fundacaofhc.org.br\/exposicoesvirtuais\/um-plano-real\/","og_locale":"pt_BR","og_type":"article","og_title":"Um plano real, a hist\u00f3ria da estabiliza\u00e7\u00e3o do Brasil | Exposi\u00e7\u00f5es Virtuais - Funda\u00e7\u00e3o FHC","og_description":"O Acervo da Funda\u00e7\u00e3o FHC acaba de trazer para o ambiente digital uma de suas mostras mais emblem\u00e1ticas: Um plano real, a hist\u00f3ria da estabiliza\u00e7\u00e3o do Brasil. A inspira\u00e7\u00e3o vem da exposi\u00e7\u00e3o que h\u00e1 11 anos est\u00e1 em cartaz na sede da Funda\u00e7\u00e3o, em S\u00e3o Paulo, e que trata do processo de controle da infla\u00e7\u00e3o","og_url":"https:\/\/fundacaofhc.org.br\/exposicoesvirtuais\/um-plano-real\/","og_site_name":"Exposi\u00e7\u00f5es Virtuais - Funda\u00e7\u00e3o FHC","article_published_time":"2021-06-30T20:01:22+00:00","article_modified_time":"2024-10-03T18:50:37+00:00","og_image":[{"width":1920,"height":1300,"url":"https:\/\/fundacaofhc.org.br\/exposicoesvirtuais\/wp-content\/uploads\/2021\/06\/plano-fundo-umplanoreal-01.jpg","type":"image\/jpeg"}],"author":"sintropika","twitter_card":"summary_large_image","twitter_misc":{"Escrito por":"sintropika","Est. tempo de leitura":"1 minuto"},"schema":{"@context":"https:\/\/schema.org","@graph":[{"@type":"WebPage","@id":"https:\/\/fundacaofhc.org.br\/exposicoesvirtuais\/um-plano-real\/","url":"https:\/\/fundacaofhc.org.br\/exposicoesvirtuais\/um-plano-real\/","name":"Um plano real, a hist\u00f3ria da estabiliza\u00e7\u00e3o do Brasil | Exposi\u00e7\u00f5es Virtuais - Funda\u00e7\u00e3o FHC","isPartOf":{"@id":"https:\/\/fundacaofhc.org.br\/exposicoesvirtuais\/#website"},"primaryImageOfPage":{"@id":"https:\/\/fundacaofhc.org.br\/exposicoesvirtuais\/um-plano-real\/#primaryimage"},"image":{"@id":"https:\/\/fundacaofhc.org.br\/exposicoesvirtuais\/um-plano-real\/#primaryimage"},"thumbnailUrl":"https:\/\/fundacaofhc.org.br\/exposicoesvirtuais\/wp-content\/uploads\/2021\/06\/plano-fundo-umplanoreal-01.jpg","datePublished":"2021-06-30T20:01:22+00:00","dateModified":"2024-10-03T18:50:37+00:00","author":{"@id":"https:\/\/fundacaofhc.org.br\/exposicoesvirtuais\/#\/schema\/person\/8374b13655e9213f7df7c660ec0f5f1e"},"inLanguage":"pt-BR","potentialAction":[{"@type":"ReadAction","target":["https:\/\/fundacaofhc.org.br\/exposicoesvirtuais\/um-plano-real\/"]}]},{"@type":"ImageObject","inLanguage":"pt-BR","@id":"https:\/\/fundacaofhc.org.br\/exposicoesvirtuais\/um-plano-real\/#primaryimage","url":"https:\/\/fundacaofhc.org.br\/exposicoesvirtuais\/wp-content\/uploads\/2021\/06\/plano-fundo-umplanoreal-01.jpg","contentUrl":"https:\/\/fundacaofhc.org.br\/exposicoesvirtuais\/wp-content\/uploads\/2021\/06\/plano-fundo-umplanoreal-01.jpg","width":1920,"height":1300},{"@type":"WebSite","@id":"https:\/\/fundacaofhc.org.br\/exposicoesvirtuais\/#website","url":"https:\/\/fundacaofhc.org.br\/exposicoesvirtuais\/","name":"Exposi\u00e7\u00f5es Virtuais - Funda\u00e7\u00e3o FHC","description":"Acervo FFHC","potentialAction":[{"@type":"SearchAction","target":{"@type":"EntryPoint","urlTemplate":"https:\/\/fundacaofhc.org.br\/exposicoesvirtuais\/?s={search_term_string}"},"query-input":{"@type":"PropertyValueSpecification","valueRequired":true,"valueName":"search_term_string"}}],"inLanguage":"pt-BR"},{"@type":"Person","@id":"https:\/\/fundacaofhc.org.br\/exposicoesvirtuais\/#\/schema\/person\/8374b13655e9213f7df7c660ec0f5f1e","name":"sintropika","image":{"@type":"ImageObject","inLanguage":"pt-BR","@id":"https:\/\/fundacaofhc.org.br\/exposicoesvirtuais\/#\/schema\/person\/image\/","url":"https:\/\/secure.gravatar.com\/avatar\/4e7a8148ab5fe49114b454dc93fed02ba218aea352b3e265713ca075d507de0c?s=96&d=mm&r=g","contentUrl":"https:\/\/secure.gravatar.com\/avatar\/4e7a8148ab5fe49114b454dc93fed02ba218aea352b3e265713ca075d507de0c?s=96&d=mm&r=g","caption":"sintropika"},"sameAs":["https:\/\/exposicoesvirtuais.fundacaofhc.org.br"]}]}},"_links":{"self":[{"href":"https:\/\/fundacaofhc.org.br\/exposicoesvirtuais\/wp-json\/wp\/v2\/posts\/1212","targetHints":{"allow":["GET"]}}],"collection":[{"href":"https:\/\/fundacaofhc.org.br\/exposicoesvirtuais\/wp-json\/wp\/v2\/posts"}],"about":[{"href":"https:\/\/fundacaofhc.org.br\/exposicoesvirtuais\/wp-json\/wp\/v2\/types\/post"}],"author":[{"embeddable":true,"href":"https:\/\/fundacaofhc.org.br\/exposicoesvirtuais\/wp-json\/wp\/v2\/users\/1"}],"replies":[{"embeddable":true,"href":"https:\/\/fundacaofhc.org.br\/exposicoesvirtuais\/wp-json\/wp\/v2\/comments?post=1212"}],"version-history":[{"count":0,"href":"https:\/\/fundacaofhc.org.br\/exposicoesvirtuais\/wp-json\/wp\/v2\/posts\/1212\/revisions"}],"wp:featuredmedia":[{"embeddable":true,"href":"https:\/\/fundacaofhc.org.br\/exposicoesvirtuais\/wp-json\/wp\/v2\/media\/1225"}],"wp:attachment":[{"href":"https:\/\/fundacaofhc.org.br\/exposicoesvirtuais\/wp-json\/wp\/v2\/media?parent=1212"}],"wp:term":[{"taxonomy":"category","embeddable":true,"href":"https:\/\/fundacaofhc.org.br\/exposicoesvirtuais\/wp-json\/wp\/v2\/categories?post=1212"},{"taxonomy":"post_tag","embeddable":true,"href":"https:\/\/fundacaofhc.org.br\/exposicoesvirtuais\/wp-json\/wp\/v2\/tags?post=1212"}],"curies":[{"name":"wp","href":"https:\/\/api.w.org\/{rel}","templated":true}]}}